{"id":974,"date":"2016-03-29T13:00:54","date_gmt":"2016-03-29T13:00:54","guid":{"rendered":"http:\/\/www.abbevillelariviere.fr\/?p=974"},"modified":"2016-03-29T13:01:27","modified_gmt":"2016-03-29T13:01:27","slug":"faune-et-flore-de-la-vallee","status":"publish","type":"post","link":"https:\/\/www.abbevillelariviere.fr\/?p=974","title":{"rendered":"Faune et Flore de la vall\u00e9e"},"content":{"rendered":"<p>Le site voit aujourd&#8217;hui l&#8217;ouverture d&#8217;une nouvelle rubrique intitul\u00e9e &#8220;Faune et flore de la vall\u00e9e&#8221;.<\/p>\n<p>Il s&#8217;agit de vous faire d\u00e9couvrir \u00a0l&#8217;immense vari\u00e9t\u00e9 de la nature qui vous entoure en vue de la prot\u00e9ger et de mieux cohabiter avec elle.<\/p>\n<p>La rubrique est principalement anim\u00e9e par Delphine, sur la base de ses photos et observations dans la vall\u00e9e, mais toutes les contributions sont les bienvenues si vous avez des photos ou des anecdotes \u00e0 partager.<\/p>\n<p>En introduction \u00e0 cette nouvelle rubrique, quelques exemples&#8230; <span style=\"color: #008000;\">Cliquer sur les photos<\/span><\/p>\n<p><a href=\"http:\/\/www.abbevillelariviere.fr\/wp-content\/uploads\/2016\/03\/ab-pap-sedum_0033.jpg\"><img loading=\"lazy\" decoding=\"async\" class=\"alignnone size-medium wp-image-983\" src=\"http:\/\/www.abbevillelariviere.fr\/wp-content\/uploads\/2016\/03\/ab-pap-sedum_0033-300x169.jpg\" alt=\"ab-pap-sedum_0033\" width=\"300\" height=\"169\" srcset=\"https:\/\/www.abbevillelariviere.fr\/wp-content\/uploads\/2016\/03\/ab-pap-sedum_0033-300x169.jpg 300w, https:\/\/www.abbevillelariviere.fr\/wp-content\/uploads\/2016\/03\/ab-pap-sedum_0033-1024x575.jpg 1024w, https:\/\/www.abbevillelariviere.fr\/wp-content\/uploads\/2016\/03\/ab-pap-sedum_0033-600x337.jpg 600w, https:\/\/www.abbevillelariviere.fr\/wp-content\/uploads\/2016\/03\/ab-pap-sedum_0033.jpg 1500w\" sizes=\"(max-width: 300px) 100vw, 300px\" \/><\/a><\/p>\n<p><a href=\"http:\/\/www.abbevillelariviere.fr\/wp-content\/uploads\/2016\/03\/moro-sph-centaur_1189.jpg\"><img loading=\"lazy\" decoding=\"async\" class=\"alignnone size-medium wp-image-984\" src=\"http:\/\/www.abbevillelariviere.fr\/wp-content\/uploads\/2016\/03\/moro-sph-centaur_1189-300x169.jpg\" alt=\"moro-sph-centaur_1189\" width=\"300\" height=\"169\" srcset=\"https:\/\/www.abbevillelariviere.fr\/wp-content\/uploads\/2016\/03\/moro-sph-centaur_1189-300x169.jpg 300w, https:\/\/www.abbevillelariviere.fr\/wp-content\/uploads\/2016\/03\/moro-sph-centaur_1189-1024x575.jpg 1024w, https:\/\/www.abbevillelariviere.fr\/wp-content\/uploads\/2016\/03\/moro-sph-centaur_1189-600x337.jpg 600w, https:\/\/www.abbevillelariviere.fr\/wp-content\/uploads\/2016\/03\/moro-sph-centaur_1189.jpg 1500w\" sizes=\"(max-width: 300px) 100vw, 300px\" \/><\/a><\/p>\n","protected":false},"excerpt":{"rendered":"<p>Le site voit aujourd&#8217;hui l&#8217;ouverture d&#8217;une nouvelle rubrique intitul\u00e9e &#8220;Faune et flore de la vall\u00e9e&#8221;. Il s&#8217;agit de vous faire d\u00e9couvrir \u00a0l&#8217;immense vari\u00e9t\u00e9 de la nature qui vous entoure en [&hellip;]<\/p>\n","protected":false},"author":4,"featured_media":0,"comment_status":"closed","ping_status":"closed","sticky":false,"template":"","format":"standard","meta":{"site-sidebar-layout":"default","site-content-layout":"","ast-site-content-layout":"","site-content-style":"default","site-sidebar-style":"default","ast-global-header-display":"","ast-banner-title-visibility":"","ast-main-header-display":"","ast-hfb-above-header-display":"","ast-hfb-below-header-display":"","ast-hfb-mobile-header-display":"","site-post-title":"","ast-breadcrumbs-content":"","ast-featured-img":"","footer-sml-layout":"","theme-transparent-header-meta":"","adv-header-id-meta":"","stick-header-meta":"","header-above-stick-meta":"","header-main-stick-meta":"","header-below-stick-meta":"","astra-migrate-meta-layouts":"default","ast-page-background-enabled":"default","ast-page-background-meta":{"desktop":{"background-color":"var(--ast-global-color-4)","background-image":"","background-repeat":"repeat","background-position":"center center","background-size":"auto","background-attachment":"scroll","background-type":"","background-media":"","overlay-type":"","overlay-color":"","overlay-opacity":"","overlay-gradient":""},"tablet":{"background-color":"","background-image":"","background-repeat":"repeat","background-position":"center center","background-size":"auto","background-attachment":"scroll","background-type":"","background-media":"","overlay-type":"","overlay-color":"","overlay-opacity":"","overlay-gradient":""},"mobile":{"background-color":"","background-image":"","background-repeat":"repeat","background-position":"center center","background-size":"auto","background-attachment":"scroll","background-type":"","background-media":"","overlay-type":"","overlay-color":"","overlay-opacity":"","overlay-gradient":""}},"ast-content-background-meta":{"desktop":{"background-color":"var(--ast-global-color-5)","background-image":"","background-repeat":"repeat","background-position":"center center","background-size":"auto","background-attachment":"scroll","background-type":"","background-media":"","overlay-type":"","overlay-color":"","overlay-opacity":"","overlay-gradient":""},"tablet":{"background-color":"var(--ast-global-color-5)","background-image":"","background-repeat":"repeat","background-position":"center center","background-size":"auto","background-attachment":"scroll","background-type":"","background-media":"","overlay-type":"","overlay-color":"","overlay-opacity":"","overlay-gradient":""},"mobile":{"background-color":"var(--ast-global-color-5)","background-image":"","background-repeat":"repeat","background-position":"center center","background-size":"auto","background-attachment":"scroll","background-type":"","background-media":"","overlay-type":"","overlay-color":"","overlay-opacity":"","overlay-gradient":""}},"_EventAllDay":false,"_EventTimezone":"","_EventStartDate":"","_EventEndDate":"","_EventStartDateUTC":"","_EventEndDateUTC":"","_EventShowMap":false,"_EventShowMapLink":false,"_EventURL":"","_EventCost":"","_EventCostDescription":"","_EventCurrencySymbol":"","_EventCurrencyCode":"","_EventCurrencyPosition":"","_EventDateTimeSeparator":"","_EventTimeRangeSeparator":"","_EventOrganizerID":[],"_EventVenueID":[],"_OrganizerEmail":"","_OrganizerPhone":"","_OrganizerWebsite":"","_VenueAddress":"","_VenueCity":"","_VenueCountry":"","_VenueProvince":"","_VenueState":"","_VenueZip":"","_VenuePhone":"","_VenueURL":"","_VenueStateProvince":"","_VenueLat":"","_VenueLng":"","_VenueShowMap":false,"_VenueShowMapLink":false,"footnotes":""},"categories":[1],"tags":[],"class_list":["post-974","post","type-post","status-publish","format-standard","hentry","category-non-classe"],"_links":{"self":[{"href":"https:\/\/www.abbevillelariviere.fr\/index.php?rest_route=\/wp\/v2\/posts\/974"}],"collection":[{"href":"https:\/\/www.abbevillelariviere.fr\/index.php?rest_route=\/wp\/v2\/posts"}],"about":[{"href":"https:\/\/www.abbevillelariviere.fr\/index.php?rest_route=\/wp\/v2\/types\/post"}],"author":[{"embeddable":true,"href":"https:\/\/www.abbevillelariviere.fr\/index.php?rest_route=\/wp\/v2\/users\/4"}],"replies":[{"embeddable":true,"href":"https:\/\/www.abbevillelariviere.fr\/index.php?rest_route=%2Fwp%2Fv2%2Fcomments&post=974"}],"version-history":[{"count":5,"href":"https:\/\/www.abbevillelariviere.fr\/index.php?rest_route=\/wp\/v2\/posts\/974\/revisions"}],"predecessor-version":[{"id":987,"href":"https:\/\/www.abbevillelariviere.fr\/index.php?rest_route=\/wp\/v2\/posts\/974\/revisions\/987"}],"wp:attachment":[{"href":"https:\/\/www.abbevillelariviere.fr\/index.php?rest_route=%2Fwp%2Fv2%2Fmedia&parent=974"}],"wp:term":[{"taxonomy":"category","embeddable":true,"href":"https:\/\/www.abbevillelariviere.fr\/index.php?rest_route=%2Fwp%2Fv2%2Fcategories&post=974"},{"taxonomy":"post_tag","embeddable":true,"href":"https:\/\/www.abbevillelariviere.fr\/index.php?rest_route=%2Fwp%2Fv2%2Ftags&post=974"}],"curies":[{"name":"wp","href":"https:\/\/api.w.org\/{rel}","templated":true}]}}