{"id":988,"date":"2016-04-07T14:51:34","date_gmt":"2016-04-07T14:51:34","guid":{"rendered":"http:\/\/www.abbevillelariviere.fr\/?p=988"},"modified":"2016-04-07T14:51:34","modified_gmt":"2016-04-07T14:51:34","slug":"abeilles-sauvages","status":"publish","type":"post","link":"https:\/\/www.abbevillelariviere.fr\/?p=988","title":{"rendered":"Abeilles sauvages"},"content":{"rendered":"<div style=\"text-align: justify;\" data-canvas-width=\"608.9599999999999\">Il existe 865 esp\u00e8ces d&#8217;abeilles sauvages en France (17 000 dans le monde).<\/div>\n<div data-canvas-width=\"608.9599999999999\"><\/div>\n<div style=\"text-align: center;\" data-canvas-width=\"608.9599999999999\"><span style=\"color: #99cc00;\"><span style=\"color: #008000;\">Cliquer sur les photos pour les agrandir<\/span><\/span><\/div>\n<div style=\"text-align: center;\" data-canvas-width=\"608.9599999999999\"><\/div>\n<div data-canvas-width=\"608.9599999999999\">\u00a0<a href=\"http:\/\/www.abbevillelariviere.fr\/wp-content\/uploads\/2016\/04\/ab-nomada_6658.jpg\"><img loading=\"lazy\" decoding=\"async\" class=\"alignnone size-medium wp-image-993\" src=\"http:\/\/www.abbevillelariviere.fr\/wp-content\/uploads\/2016\/04\/ab-nomada_6658-300x214.jpg\" alt=\"ab-nomada_6658\" width=\"300\" height=\"214\" srcset=\"https:\/\/www.abbevillelariviere.fr\/wp-content\/uploads\/2016\/04\/ab-nomada_6658-300x214.jpg 300w, https:\/\/www.abbevillelariviere.fr\/wp-content\/uploads\/2016\/04\/ab-nomada_6658-1024x731.jpg 1024w, https:\/\/www.abbevillelariviere.fr\/wp-content\/uploads\/2016\/04\/ab-nomada_6658-600x428.jpg 600w, https:\/\/www.abbevillelariviere.fr\/wp-content\/uploads\/2016\/04\/ab-nomada_6658.jpg 1137w\" sizes=\"(max-width: 300px) 100vw, 300px\" \/><\/a><\/div>\n<div data-canvas-width=\"608.9599999999999\">\u00a0<span style=\"color: #0000ff;\">Abeille nomada sp. 9 mm<\/span><\/div>\n<div data-canvas-width=\"608.9599999999999\"><\/div>\n<div data-canvas-width=\"608.9599999999999\"><\/div>\n<div style=\"text-align: justify;\" data-canvas-width=\"608.9599999999999\">Les <span style=\"color: #ff6600;\">abeilles sauvages<\/span> sont placides et pour un bon nombre<\/div>\n<div style=\"text-align: justify;\" data-canvas-width=\"498.69999999999993\">totalement inoffensives (pr\u00e9f\u00e9rant fuir \u00e0 la vue d\u2019un danger).<\/div>\n<div style=\"text-align: justify;\" data-canvas-width=\"609.0199999999999\">Seules les esp\u00e8ces sociales de grandes tailles (abeilles des ruches et<\/div>\n<div style=\"text-align: justify;\" data-canvas-width=\"608.94\">bourdons) peuvent \u00eatre d\u00e9fensives essentiellement aux abords du nid<\/div>\n<div style=\"text-align: justify;\" data-canvas-width=\"599.4\">qu\u2019elles prot\u00e8gent.<\/div>\n<div style=\"text-align: justify;\" data-canvas-width=\"599.4\">Elles ne se r\u00e9v\u00e8lent dangereuses qu\u2019en cas d\u2019allergies.<\/div>\n<div style=\"text-align: justify;\" data-canvas-width=\"608.9599999999999\">Contrairement \u00e0 l\u2019abeille dite domestique, toutes les autres esp\u00e8ces<\/div>\n<div style=\"text-align: justify;\" data-canvas-width=\"537.8000000000001\">d\u2019abeilles sont sauvages et, pour la plupart d\u2019entre elles, solitaires :<\/div>\n<div style=\"text-align: justify;\" data-canvas-width=\"521.1999999999998\">chaque femelle construit son propre nid pour y pondre quelques \u0153ufs.<\/div>\n<div style=\"text-align: justify;\" data-canvas-width=\"521.1999999999998\"><\/div>\n<div data-canvas-width=\"521.1999999999998\">\n<div id=\"stcpDiv\" style=\"text-align: justify;\">70% des abeilles solitaires font leurs nids dans la terre.<\/div>\n<div><\/div>\n<div style=\"text-align: justify;\"><a href=\"http:\/\/www.abbevillelariviere.fr\/wp-content\/uploads\/2016\/04\/ab-nomad-vero_6465.jpg\"><img loading=\"lazy\" decoding=\"async\" class=\"alignnone size-medium wp-image-994\" src=\"http:\/\/www.abbevillelariviere.fr\/wp-content\/uploads\/2016\/04\/ab-nomad-vero_6465-300x214.jpg\" alt=\"ab-nomad-vero_6465\" width=\"300\" height=\"214\" srcset=\"https:\/\/www.abbevillelariviere.fr\/wp-content\/uploads\/2016\/04\/ab-nomad-vero_6465-300x214.jpg 300w, https:\/\/www.abbevillelariviere.fr\/wp-content\/uploads\/2016\/04\/ab-nomad-vero_6465-1024x731.jpg 1024w, https:\/\/www.abbevillelariviere.fr\/wp-content\/uploads\/2016\/04\/ab-nomad-vero_6465-600x429.jpg 600w, https:\/\/www.abbevillelariviere.fr\/wp-content\/uploads\/2016\/04\/ab-nomad-vero_6465.jpg 1211w\" sizes=\"(max-width: 300px) 100vw, 300px\" \/><\/a><\/div>\n<div style=\"text-align: left;\"><span style=\"color: #0000ff;\">Abeille coucou sur V\u00e9ronique<\/span><\/div>\n<div style=\"text-align: justify;\"><\/div>\n<div style=\"text-align: justify;\">Elles ont un r\u00f4le primordial dans la <span style=\"color: #008080;\">pollinisation<\/span> des cultures et des plantes.<\/div>\n<div style=\"text-align: justify;\">Ce sont les plus efficaces et des travailleuses tr\u00e8s actives.<\/div>\n<div><\/div>\n<div>\u00a0<a href=\"http:\/\/www.abbevillelariviere.fr\/wp-content\/uploads\/2016\/04\/ab-anthoph-plum_6449.jpg\"><img loading=\"lazy\" decoding=\"async\" class=\"alignnone size-medium wp-image-996\" src=\"http:\/\/www.abbevillelariviere.fr\/wp-content\/uploads\/2016\/04\/ab-anthoph-plum_6449-300x214.jpg\" alt=\"ab-anthoph-plum_6449\" width=\"300\" height=\"214\" srcset=\"https:\/\/www.abbevillelariviere.fr\/wp-content\/uploads\/2016\/04\/ab-anthoph-plum_6449-300x214.jpg 300w, https:\/\/www.abbevillelariviere.fr\/wp-content\/uploads\/2016\/04\/ab-anthoph-plum_6449-1024x732.jpg 1024w, https:\/\/www.abbevillelariviere.fr\/wp-content\/uploads\/2016\/04\/ab-anthoph-plum_6449-600x429.jpg 600w, https:\/\/www.abbevillelariviere.fr\/wp-content\/uploads\/2016\/04\/ab-anthoph-plum_6449.jpg 1314w\" sizes=\"(max-width: 300px) 100vw, 300px\" \/><\/a><\/div>\n<div>\u00a0<span style=\"color: #0000ff;\">L&#8217;anthophore plumeuse raffole des fleurs de lamier<\/span><\/div>\n<div><\/div>\n<div><\/div>\n<div style=\"text-align: justify;\">Elles sont dot\u00e9es de poils sp\u00e9ciaux qui peuvent retenir jusqu&#8217;\u00e0 15 000 grains de pollen.<\/div>\n<div style=\"text-align: justify;\">Elles ne produisent pas de miel, et le nectar sert \u00e0 leur couvain.<\/div>\n<div style=\"text-align: justify;\"><\/div>\n<div style=\"text-align: justify;\"><a href=\"http:\/\/www.abbevillelariviere.fr\/wp-content\/uploads\/2016\/04\/ab-nom-sexfasciata_3868.jpg\"><img loading=\"lazy\" decoding=\"async\" class=\"alignnone size-medium wp-image-1001\" src=\"http:\/\/www.abbevillelariviere.fr\/wp-content\/uploads\/2016\/04\/ab-nom-sexfasciata_3868-300x300.jpg\" alt=\"ab-nom-sexfasciata_3868\" width=\"300\" height=\"300\" srcset=\"https:\/\/www.abbevillelariviere.fr\/wp-content\/uploads\/2016\/04\/ab-nom-sexfasciata_3868-300x300.jpg 300w, https:\/\/www.abbevillelariviere.fr\/wp-content\/uploads\/2016\/04\/ab-nom-sexfasciata_3868-150x150.jpg 150w, https:\/\/www.abbevillelariviere.fr\/wp-content\/uploads\/2016\/04\/ab-nom-sexfasciata_3868-600x600.jpg 600w, https:\/\/www.abbevillelariviere.fr\/wp-content\/uploads\/2016\/04\/ab-nom-sexfasciata_3868-50x50.jpg 50w, https:\/\/www.abbevillelariviere.fr\/wp-content\/uploads\/2016\/04\/ab-nom-sexfasciata_3868.jpg 964w\" sizes=\"(max-width: 300px) 100vw, 300px\" \/><\/a><\/div>\n<div style=\"text-align: justify;\"><span style=\"color: #0000ff;\">Abeille nomada sexfasciata<\/span><\/div>\n<div style=\"text-align: justify;\"><\/div>\n<div>Elles vivent de quelques jours \u00e0 quelques semaines.<\/div>\n<div>Elles sont menac\u00e9es par les pesticides, la monoculture, le d\u00e9broussaillage intensif de nos jardins&#8230;<\/div>\n<div>et certaines ont \u00e9t\u00e9 class\u00e9es dans la cat\u00e9gorie des esp\u00e8ces en danger.<\/div>\n<\/div>\n","protected":false},"excerpt":{"rendered":"<p>Il existe 865 esp\u00e8ces d&#8217;abeilles sauvages en France (17 000 dans le monde). Cliquer sur les photos pour les agrandir \u00a0 \u00a0Abeille nomada sp. 9 mm Les abeilles sauvages sont [&hellip;]<\/p>\n","protected":false},"author":4,"featured_media":996,"comment_status":"closed","ping_status":"closed","sticky":false,"template":"","format":"standard","meta":{"site-sidebar-layout":"default","site-content-layout":"","ast-site-content-layout":"","site-content-style":"default","site-sidebar-style":"default","ast-global-header-display":"","ast-banner-title-visibility":"","ast-main-header-display":"","ast-hfb-above-header-display":"","ast-hfb-below-header-display":"","ast-hfb-mobile-header-display":"","site-post-title":"","ast-breadcrumbs-content":"","ast-featured-img":"","footer-sml-layout":"","theme-transparent-header-meta":"","adv-header-id-meta":"","stick-header-meta":"","header-above-stick-meta":"","header-main-stick-meta":"","header-below-stick-meta":"","astra-migrate-meta-layouts":"default","ast-page-background-enabled":"default","ast-page-background-meta":{"desktop":{"background-color":"var(--ast-global-color-4)","background-image":"","background-repeat":"repeat","background-position":"center center","background-size":"auto","background-attachment":"scroll","background-type":"","background-media":"","overlay-type":"","overlay-color":"","overlay-opacity":"","overlay-gradient":""},"tablet":{"background-color":"","background-image":"","background-repeat":"repeat","background-position":"center center","background-size":"auto","background-attachment":"scroll","background-type":"","background-media":"","overlay-type":"","overlay-color":"","overlay-opacity":"","overlay-gradient":""},"mobile":{"background-color":"","background-image":"","background-repeat":"repeat","background-position":"center center","background-size":"auto","background-attachment":"scroll","background-type":"","background-media":"","overlay-type":"","overlay-color":"","overlay-opacity":"","overlay-gradient":""}},"ast-content-background-meta":{"desktop":{"background-color":"var(--ast-global-color-5)","background-image":"","background-repeat":"repeat","background-position":"center center","background-size":"auto","background-attachment":"scroll","background-type":"","background-media":"","overlay-type":"","overlay-color":"","overlay-opacity":"","overlay-gradient":""},"tablet":{"background-color":"var(--ast-global-color-5)","background-image":"","background-repeat":"repeat","background-position":"center center","background-size":"auto","background-attachment":"scroll","background-type":"","background-media":"","overlay-type":"","overlay-color":"","overlay-opacity":"","overlay-gradient":""},"mobile":{"background-color":"var(--ast-global-color-5)","background-image":"","background-repeat":"repeat","background-position":"center center","background-size":"auto","background-attachment":"scroll","background-type":"","background-media":"","overlay-type":"","overlay-color":"","overlay-opacity":"","overlay-gradient":""}},"_EventAllDay":false,"_EventTimezone":"","_EventStartDate":"","_EventEndDate":"","_EventStartDateUTC":"","_EventEndDateUTC":"","_EventShowMap":false,"_EventShowMapLink":false,"_EventURL":"","_EventCost":"","_EventCostDescription":"","_EventCurrencySymbol":"","_EventCurrencyCode":"","_EventCurrencyPosition":"","_EventDateTimeSeparator":"","_EventTimeRangeSeparator":"","_EventOrganizerID":[],"_EventVenueID":[],"_OrganizerEmail":"","_OrganizerPhone":"","_OrganizerWebsite":"","_VenueAddress":"","_VenueCity":"","_VenueCountry":"","_VenueProvince":"","_VenueState":"","_VenueZip":"","_VenuePhone":"","_VenueURL":"","_VenueStateProvince":"","_VenueLat":"","_VenueLng":"","_VenueShowMap":false,"_VenueShowMapLink":false,"footnotes":""},"categories":[22],"tags":[],"class_list":["post-988","post","type-post","status-publish","format-standard","has-post-thumbnail","hentry","category-faune-et-flore"],"_links":{"self":[{"href":"https:\/\/www.abbevillelariviere.fr\/index.php?rest_route=\/wp\/v2\/posts\/988"}],"collection":[{"href":"https:\/\/www.abbevillelariviere.fr\/index.php?rest_route=\/wp\/v2\/posts"}],"about":[{"href":"https:\/\/www.abbevillelariviere.fr\/index.php?rest_route=\/wp\/v2\/types\/post"}],"author":[{"embeddable":true,"href":"https:\/\/www.abbevillelariviere.fr\/index.php?rest_route=\/wp\/v2\/users\/4"}],"replies":[{"embeddable":true,"href":"https:\/\/www.abbevillelariviere.fr\/index.php?rest_route=%2Fwp%2Fv2%2Fcomments&post=988"}],"version-history":[{"count":13,"href":"https:\/\/www.abbevillelariviere.fr\/index.php?rest_route=\/wp\/v2\/posts\/988\/revisions"}],"predecessor-version":[{"id":1006,"href":"https:\/\/www.abbevillelariviere.fr\/index.php?rest_route=\/wp\/v2\/posts\/988\/revisions\/1006"}],"wp:featuredmedia":[{"embeddable":true,"href":"https:\/\/www.abbevillelariviere.fr\/index.php?rest_route=\/wp\/v2\/media\/996"}],"wp:attachment":[{"href":"https:\/\/www.abbevillelariviere.fr\/index.php?rest_route=%2Fwp%2Fv2%2Fmedia&parent=988"}],"wp:term":[{"taxonomy":"category","embeddable":true,"href":"https:\/\/www.abbevillelariviere.fr\/index.php?rest_route=%2Fwp%2Fv2%2Fcategories&post=988"},{"taxonomy":"post_tag","embeddable":true,"href":"https:\/\/www.abbevillelariviere.fr\/index.php?rest_route=%2Fwp%2Fv2%2Ftags&post=988"}],"curies":[{"name":"wp","href":"https:\/\/api.w.org\/{rel}","templated":true}]}}